{"id":724,"date":"2024-07-23T06:38:14","date_gmt":"2024-07-23T06:38:14","guid":{"rendered":"https:\/\/tawron.cliffex.in\/?p=724"},"modified":"2024-09-19T08:45:45","modified_gmt":"2024-09-19T08:45:45","slug":"de-impact-van-het-tekort-aan-it-personeel-op-innovatie-en-groei-in-europa","status":"publish","type":"post","link":"https:\/\/tawron.com\/tr\/de-impact-van-het-tekort-aan-it-personeel-op-innovatie-en-groei-in-europa\/","title":{"rendered":"Avrupa'daki BT \u0130\u015fg\u00fcc\u00fc A\u00e7\u0131\u011f\u0131n\u0131n \u0130novasyon ve B\u00fcy\u00fcme \u00dczerindeki Etkisi"},"content":{"rendered":"<p>Avrupa'da BT profesyonellerinin eksikli\u011fi sadece g\u00fcnl\u00fck i\u015f operasyonlar\u0131n\u0131 engellemekle kalm\u0131yor, ayn\u0131 zamanda daha geni\u015f ekonomik b\u00fcy\u00fcmeyi ve inovasyonu da olumsuz etkiliyor. \u015eirketler, yeterli nitelikli BT personelinin olmamas\u0131n\u0131n dijital d\u00f6n\u00fc\u015f\u00fcm projelerini geciktirdi\u011fini ve yeni teknolojilerin uygulanmas\u0131n\u0131 s\u0131n\u0131rlad\u0131\u011f\u0131n\u0131 bildiriyor. Bu durum, Avrupa \u015firketlerinin k\u00fcresel pazarda rekabet g\u00fcc\u00fc \u00fczerinde do\u011frudan sonu\u00e7lar do\u011furuyor.<\/p>\n<p><strong>\u0130novasyonun Gecikmesi<\/strong><\/p>\n<p>\u0130novasyon, her ekonominin can damar\u0131d\u0131r ve g\u00fcn\u00fcm\u00fcz dijital d\u00fcnyas\u0131nda bu inovasyonun b\u00fcy\u00fck bir k\u0131sm\u0131 teknoloji taraf\u0131ndan y\u00f6nlendiriliyor. Ancak BT profesyonellerinin eksikli\u011fi, yeni teknolojilerin geli\u015ftirilmesi ve uygulanmas\u0131nda gecikmelere neden oluyor. \u015eirketler, yeni \u00fcr\u00fcn ve hizmetleri h\u0131zla pazara sunmak i\u00e7in gerekli ekipleri olu\u015fturmakta zorluk \u00e7ekiyorlar. Bu durum, \u00f6zellikle yapay zeka (AI), siber g\u00fcvenlik ve blok zinciri gibi \u00f6zel becerilerin talebinin arz\u0131 \u00e7ok a\u015ft\u0131\u011f\u0131 yeni alanlarda belirginle\u015fiyor.<\/p>\n<p>Gerekli BT yetene\u011fi olmadan, \u015firketler inovasyon giri\u015fimlerini ya ertelemek ya da k\u00fc\u00e7\u00fcltmek zorunda kal\u0131yorlar. Bu durum yaln\u0131zca \u015firketin b\u00fcy\u00fcme yetene\u011fini de\u011fil, ayn\u0131 zamanda Avrupa'daki teknolojik ilerleme h\u0131z\u0131n\u0131 da yava\u015flat\u0131yor.<\/p>\n<p><strong>Ekonomik Etki<\/strong><\/p>\n<p>Bu a\u00e7\u0131\u011f\u0131n ekonomik sonu\u00e7lar\u0131 derindir. McKinsey &amp; Company'nin bir raporu, dijital ekonominin 2025 y\u0131l\u0131na kadar Avrupa Birli\u011fi'nin GSY\u0130H'sine 415 milyar euroya kadar katk\u0131da bulunmas\u0131n\u0131n beklendi\u011fini vurgulamaktad\u0131r. Ancak, bu b\u00fcy\u00fcme, nitelikli bir i\u015f g\u00fcc\u00fcn\u00fcn bulunabilirli\u011fine ba\u011fl\u0131d\u0131r. BT profesyonellerinin eksikli\u011fi, bu potansiyeli tehlikeye atabilir ve bu da daha yava\u015f bir ekonomik b\u00fcy\u00fcmeye ve k\u00fcresel \u00f6l\u00e7ekte rekabet edebilme yetene\u011finin azalmas\u0131na yol a\u00e7abilir.<\/p>\n<p>Ayr\u0131ca, kritik BT pozisyonlar\u0131n\u0131 dolduramamak, \u015firketler i\u00e7in artan maliyetlere yol a\u00e7abilir. \u015eirketler yetenek \u00e7ekmek i\u00e7in daha y\u00fcksek maa\u015flar sunmak, e\u011fitime daha fazla yat\u0131r\u0131m yapmak veya i\u015fi di\u011fer b\u00f6lgelere d\u0131\u015f kaynak olarak devretmek zorunda kalabilirler ki bunlar k\u00e2r marjlar\u0131n\u0131 olumsuz etkileyebilir.<\/p>\n<p><strong>Ne Yap\u0131labilir?<\/strong><\/p>\n<p>BT i\u015fg\u00fcc\u00fc a\u00e7\u0131\u011f\u0131n\u0131n giderilmesi \u00e7ok y\u00f6nl\u00fc bir yakla\u015f\u0131m gerektirir. H\u00fck\u00fcmetler, gelecekteki yetenek havuzunu olu\u015fturmak i\u00e7in e\u011fitim ve \u00f6\u011fretim programlar\u0131na yat\u0131r\u0131m yapmal\u0131d\u0131r. \u015eirketler ayr\u0131ca, sekt\u00f6rdeki \u00f6zel ihtiya\u00e7lar\u0131 kar\u015f\u0131layan \u00f6zel e\u011fitim programlar\u0131 olu\u015fturmak i\u00e7in e\u011fitim kurumlar\u0131yla i\u015fbirli\u011fi yapmay\u0131 d\u00fc\u015f\u00fcnebilir. Ayr\u0131ca, BT profesyonellerinin AB i\u00e7inde hareketlili\u011fini te\u015fvik etmek ve Avrupa d\u0131\u015f\u0131ndan yetenek \u00e7ekmek de kritik olacakt\u0131r.<\/p>\n<p>Riskler b\u00fcy\u00fck ve Avrupa'n\u0131n k\u00fcresel dijital ekonomideki lider konumunu koruma yetene\u011fi, bu yetenek a\u00e7\u0131\u011f\u0131n\u0131 ne kadar etkili bir \u015fekilde ele alabilece\u011fine ba\u011fl\u0131d\u0131r.<\/p>\n<p><strong>Kaynaklar:<\/strong><\/p>\n<ul>\n<li>McKinsey &amp; Company \"Dijital \u00e7a\u011fda Avrupa, yetenek a\u00e7\u0131\u011f\u0131n\u0131 nas\u0131l kapatabilir\" (2023)<\/li>\n<li>Avrupa Komisyonu \"Dijital Ekonomi ve Toplum Endeksi (DESI)\"<\/li>\n<li>D\u00fcnya Ekonomik Forumu \"K\u00fcresel Riskler Raporu 2023\" (2023)<\/li>\n<\/ul>","protected":false},"excerpt":{"rendered":"<p>Het tekort aan IT-professionals in Europa belemmert niet alleen de dagelijkse bedrijfsvoering, maar ook bredere economische groei en innovatie. Bedrijven melden dat [&hellip;]<\/p>\n","protected":false},"author":4,"featured_media":545,"comment_status":"closed","ping_status":"open","sticky":false,"template":"","format":"standard","meta":{"footnotes":""},"categories":[1],"tags":[],"class_list":["post-724","post","type-post","status-publish","format-standard","has-post-thumbnail","hentry","category-uncategorized"],"yoast_head":"<!-- This site is optimized with the Yoast SEO plugin v27.4 - https:\/\/yoast.com\/product\/yoast-seo-wordpress\/ -->\n<title>De impact van het tekort aan IT-personeel op innovatie en groei in Europa - TAWRON - HR Oplossingen &amp; Werving<\/title>\n<meta name=\"robots\" content=\"index, follow, max-snippet:-1, max-image-preview:large, max-video-preview:-1\" \/>\n<link rel=\"canonical\" href=\"https:\/\/tawron.com\/tr\/de-impact-van-het-tekort-aan-it-personeel-op-innovatie-en-groei-in-europa\/\" \/>\n<meta property=\"og:locale\" content=\"tr_TR\" \/>\n<meta property=\"og:type\" content=\"article\" \/>\n<meta property=\"og:title\" content=\"De impact van het tekort aan IT-personeel op innovatie en groei in Europa - TAWRON - HR Oplossingen &amp; Werving\" \/>\n<meta property=\"og:description\" content=\"Het tekort aan IT-professionals in Europa belemmert niet alleen de dagelijkse bedrijfsvoering, maar ook bredere economische groei en innovatie. Bedrijven melden dat [&hellip;]\" \/>\n<meta property=\"og:url\" content=\"https:\/\/tawron.com\/tr\/de-impact-van-het-tekort-aan-it-personeel-op-innovatie-en-groei-in-europa\/\" \/>\n<meta property=\"og:site_name\" content=\"TAWRON - HR Oplossingen &amp; Werving\" \/>\n<meta property=\"article:published_time\" content=\"2024-07-23T06:38:14+00:00\" \/>\n<meta property=\"article:modified_time\" content=\"2024-09-19T08:45:45+00:00\" \/>\n<meta property=\"og:image\" content=\"https:\/\/tawron.com\/wp-content\/uploads\/2024\/07\/Kindergarden-Support-Image.webp\" \/>\n\t<meta property=\"og:image:width\" content=\"1486\" \/>\n\t<meta property=\"og:image:height\" content=\"1544\" \/>\n\t<meta property=\"og:image:type\" content=\"image\/webp\" \/>\n<meta name=\"author\" content=\"Tawron\" \/>\n<meta name=\"twitter:card\" content=\"summary_large_image\" \/>\n<meta name=\"twitter:creator\" content=\"@tawronbv\" \/>\n<meta name=\"twitter:site\" content=\"@tawronbv\" \/>\n<meta name=\"twitter:label1\" content=\"Yazan:\" \/>\n\t<meta name=\"twitter:data1\" content=\"Tawron\" \/>\n\t<meta name=\"twitter:label2\" content=\"Tahmini okuma s\u00fcresi\" \/>\n\t<meta name=\"twitter:data2\" content=\"3 dakika\" \/>\n<script type=\"application\/ld+json\" class=\"yoast-schema-graph\">{\"@context\":\"https:\\\/\\\/schema.org\",\"@graph\":[{\"@type\":\"Article\",\"@id\":\"https:\\\/\\\/tawron.com\\\/de-impact-van-het-tekort-aan-it-personeel-op-innovatie-en-groei-in-europa\\\/#article\",\"isPartOf\":{\"@id\":\"https:\\\/\\\/tawron.com\\\/de-impact-van-het-tekort-aan-it-personeel-op-innovatie-en-groei-in-europa\\\/\"},\"author\":{\"name\":\"Tawron\",\"@id\":\"https:\\\/\\\/tawron.com\\\/#\\\/schema\\\/person\\\/65eae8ad588aab69e20916b4da339bab\"},\"headline\":\"De impact van het tekort aan IT-personeel op innovatie en groei in Europa\",\"datePublished\":\"2024-07-23T06:38:14+00:00\",\"dateModified\":\"2024-09-19T08:45:45+00:00\",\"mainEntityOfPage\":{\"@id\":\"https:\\\/\\\/tawron.com\\\/de-impact-van-het-tekort-aan-it-personeel-op-innovatie-en-groei-in-europa\\\/\"},\"wordCount\":461,\"publisher\":{\"@id\":\"https:\\\/\\\/tawron.com\\\/#organization\"},\"image\":{\"@id\":\"https:\\\/\\\/tawron.com\\\/de-impact-van-het-tekort-aan-it-personeel-op-innovatie-en-groei-in-europa\\\/#primaryimage\"},\"thumbnailUrl\":\"https:\\\/\\\/tawron.com\\\/wp-content\\\/uploads\\\/2024\\\/07\\\/Kindergarden-Support-Image.webp\",\"articleSection\":[\"Uncategorized\"],\"inLanguage\":\"tr\"},{\"@type\":\"WebPage\",\"@id\":\"https:\\\/\\\/tawron.com\\\/de-impact-van-het-tekort-aan-it-personeel-op-innovatie-en-groei-in-europa\\\/\",\"url\":\"https:\\\/\\\/tawron.com\\\/de-impact-van-het-tekort-aan-it-personeel-op-innovatie-en-groei-in-europa\\\/\",\"name\":\"De impact van het tekort aan IT-personeel op innovatie en groei in Europa - TAWRON - HR Oplossingen &amp; Werving\",\"isPartOf\":{\"@id\":\"https:\\\/\\\/tawron.com\\\/#website\"},\"primaryImageOfPage\":{\"@id\":\"https:\\\/\\\/tawron.com\\\/de-impact-van-het-tekort-aan-it-personeel-op-innovatie-en-groei-in-europa\\\/#primaryimage\"},\"image\":{\"@id\":\"https:\\\/\\\/tawron.com\\\/de-impact-van-het-tekort-aan-it-personeel-op-innovatie-en-groei-in-europa\\\/#primaryimage\"},\"thumbnailUrl\":\"https:\\\/\\\/tawron.com\\\/wp-content\\\/uploads\\\/2024\\\/07\\\/Kindergarden-Support-Image.webp\",\"datePublished\":\"2024-07-23T06:38:14+00:00\",\"dateModified\":\"2024-09-19T08:45:45+00:00\",\"breadcrumb\":{\"@id\":\"https:\\\/\\\/tawron.com\\\/de-impact-van-het-tekort-aan-it-personeel-op-innovatie-en-groei-in-europa\\\/#breadcrumb\"},\"inLanguage\":\"tr\",\"potentialAction\":[{\"@type\":\"ReadAction\",\"target\":[\"https:\\\/\\\/tawron.com\\\/de-impact-van-het-tekort-aan-it-personeel-op-innovatie-en-groei-in-europa\\\/\"]}]},{\"@type\":\"ImageObject\",\"inLanguage\":\"tr\",\"@id\":\"https:\\\/\\\/tawron.com\\\/de-impact-van-het-tekort-aan-it-personeel-op-innovatie-en-groei-in-europa\\\/#primaryimage\",\"url\":\"https:\\\/\\\/tawron.com\\\/wp-content\\\/uploads\\\/2024\\\/07\\\/Kindergarden-Support-Image.webp\",\"contentUrl\":\"https:\\\/\\\/tawron.com\\\/wp-content\\\/uploads\\\/2024\\\/07\\\/Kindergarden-Support-Image.webp\",\"width\":1486,\"height\":1544},{\"@type\":\"BreadcrumbList\",\"@id\":\"https:\\\/\\\/tawron.com\\\/de-impact-van-het-tekort-aan-it-personeel-op-innovatie-en-groei-in-europa\\\/#breadcrumb\",\"itemListElement\":[{\"@type\":\"ListItem\",\"position\":1,\"name\":\"Home\",\"item\":\"https:\\\/\\\/tawron.com\\\/\"},{\"@type\":\"ListItem\",\"position\":2,\"name\":\"De impact van het tekort aan IT-personeel op innovatie en groei in Europa\"}]},{\"@type\":\"WebSite\",\"@id\":\"https:\\\/\\\/tawron.com\\\/#website\",\"url\":\"https:\\\/\\\/tawron.com\\\/\",\"name\":\"TAWRON - HR Oplossingen & Werving\",\"description\":\"\",\"publisher\":{\"@id\":\"https:\\\/\\\/tawron.com\\\/#organization\"},\"potentialAction\":[{\"@type\":\"SearchAction\",\"target\":{\"@type\":\"EntryPoint\",\"urlTemplate\":\"https:\\\/\\\/tawron.com\\\/?s={search_term_string}\"},\"query-input\":{\"@type\":\"PropertyValueSpecification\",\"valueRequired\":true,\"valueName\":\"search_term_string\"}}],\"inLanguage\":\"tr\"},{\"@type\":\"Organization\",\"@id\":\"https:\\\/\\\/tawron.com\\\/#organization\",\"name\":\"TAWRON - HR Oplossingen & Werving\",\"url\":\"https:\\\/\\\/tawron.com\\\/\",\"logo\":{\"@type\":\"ImageObject\",\"inLanguage\":\"tr\",\"@id\":\"https:\\\/\\\/tawron.com\\\/#\\\/schema\\\/logo\\\/image\\\/\",\"url\":\"https:\\\/\\\/tawron.com\\\/wp-content\\\/uploads\\\/2024\\\/07\\\/tawron_logo_light.svg\",\"contentUrl\":\"https:\\\/\\\/tawron.com\\\/wp-content\\\/uploads\\\/2024\\\/07\\\/tawron_logo_light.svg\",\"width\":240,\"height\":53,\"caption\":\"TAWRON - HR Oplossingen & Werving\"},\"image\":{\"@id\":\"https:\\\/\\\/tawron.com\\\/#\\\/schema\\\/logo\\\/image\\\/\"},\"sameAs\":[\"https:\\\/\\\/x.com\\\/tawronbv\",\"http:\\\/\\\/www.linkedin.com\\\/company\\\/tawronbv\\\/\",\"https:\\\/\\\/www.instagram.com\\\/tawronbv\\\/\"]},{\"@type\":\"Person\",\"@id\":\"https:\\\/\\\/tawron.com\\\/#\\\/schema\\\/person\\\/65eae8ad588aab69e20916b4da339bab\",\"name\":\"Tawron\",\"image\":{\"@type\":\"ImageObject\",\"inLanguage\":\"tr\",\"@id\":\"https:\\\/\\\/secure.gravatar.com\\\/avatar\\\/db477fd4c7df5c2aaf9bbbe873350fbdeae363e82d2dd15e41ee0c47b34c41fc?s=96&d=mm&r=g\",\"url\":\"https:\\\/\\\/secure.gravatar.com\\\/avatar\\\/db477fd4c7df5c2aaf9bbbe873350fbdeae363e82d2dd15e41ee0c47b34c41fc?s=96&d=mm&r=g\",\"contentUrl\":\"https:\\\/\\\/secure.gravatar.com\\\/avatar\\\/db477fd4c7df5c2aaf9bbbe873350fbdeae363e82d2dd15e41ee0c47b34c41fc?s=96&d=mm&r=g\",\"caption\":\"Tawron\"},\"url\":\"https:\\\/\\\/tawron.com\\\/tr\\\/author\\\/tawron\\\/\"}]}<\/script>\n<!-- \/ Yoast SEO plugin. -->","yoast_head_json":{"title":"De impact van het tekort aan IT-personeel op innovatie en groei in Europa - TAWRON - HR Oplossingen &amp; Werving","robots":{"index":"index","follow":"follow","max-snippet":"max-snippet:-1","max-image-preview":"max-image-preview:large","max-video-preview":"max-video-preview:-1"},"canonical":"https:\/\/tawron.com\/tr\/de-impact-van-het-tekort-aan-it-personeel-op-innovatie-en-groei-in-europa\/","og_locale":"tr_TR","og_type":"article","og_title":"De impact van het tekort aan IT-personeel op innovatie en groei in Europa - TAWRON - HR Oplossingen &amp; Werving","og_description":"Het tekort aan IT-professionals in Europa belemmert niet alleen de dagelijkse bedrijfsvoering, maar ook bredere economische groei en innovatie. Bedrijven melden dat [&hellip;]","og_url":"https:\/\/tawron.com\/tr\/de-impact-van-het-tekort-aan-it-personeel-op-innovatie-en-groei-in-europa\/","og_site_name":"TAWRON - HR Oplossingen &amp; Werving","article_published_time":"2024-07-23T06:38:14+00:00","article_modified_time":"2024-09-19T08:45:45+00:00","og_image":[{"width":1486,"height":1544,"url":"https:\/\/tawron.com\/wp-content\/uploads\/2024\/07\/Kindergarden-Support-Image.webp","type":"image\/webp"}],"author":"Tawron","twitter_card":"summary_large_image","twitter_creator":"@tawronbv","twitter_site":"@tawronbv","twitter_misc":{"Yazan:":"Tawron","Tahmini okuma s\u00fcresi":"3 dakika"},"schema":{"@context":"https:\/\/schema.org","@graph":[{"@type":"Article","@id":"https:\/\/tawron.com\/de-impact-van-het-tekort-aan-it-personeel-op-innovatie-en-groei-in-europa\/#article","isPartOf":{"@id":"https:\/\/tawron.com\/de-impact-van-het-tekort-aan-it-personeel-op-innovatie-en-groei-in-europa\/"},"author":{"name":"Tawron","@id":"https:\/\/tawron.com\/#\/schema\/person\/65eae8ad588aab69e20916b4da339bab"},"headline":"De impact van het tekort aan IT-personeel op innovatie en groei in Europa","datePublished":"2024-07-23T06:38:14+00:00","dateModified":"2024-09-19T08:45:45+00:00","mainEntityOfPage":{"@id":"https:\/\/tawron.com\/de-impact-van-het-tekort-aan-it-personeel-op-innovatie-en-groei-in-europa\/"},"wordCount":461,"publisher":{"@id":"https:\/\/tawron.com\/#organization"},"image":{"@id":"https:\/\/tawron.com\/de-impact-van-het-tekort-aan-it-personeel-op-innovatie-en-groei-in-europa\/#primaryimage"},"thumbnailUrl":"https:\/\/tawron.com\/wp-content\/uploads\/2024\/07\/Kindergarden-Support-Image.webp","articleSection":["Uncategorized"],"inLanguage":"tr"},{"@type":"WebPage","@id":"https:\/\/tawron.com\/de-impact-van-het-tekort-aan-it-personeel-op-innovatie-en-groei-in-europa\/","url":"https:\/\/tawron.com\/de-impact-van-het-tekort-aan-it-personeel-op-innovatie-en-groei-in-europa\/","name":"De impact van het tekort aan IT-personeel op innovatie en groei in Europa - TAWRON - HR Oplossingen &amp; Werving","isPartOf":{"@id":"https:\/\/tawron.com\/#website"},"primaryImageOfPage":{"@id":"https:\/\/tawron.com\/de-impact-van-het-tekort-aan-it-personeel-op-innovatie-en-groei-in-europa\/#primaryimage"},"image":{"@id":"https:\/\/tawron.com\/de-impact-van-het-tekort-aan-it-personeel-op-innovatie-en-groei-in-europa\/#primaryimage"},"thumbnailUrl":"https:\/\/tawron.com\/wp-content\/uploads\/2024\/07\/Kindergarden-Support-Image.webp","datePublished":"2024-07-23T06:38:14+00:00","dateModified":"2024-09-19T08:45:45+00:00","breadcrumb":{"@id":"https:\/\/tawron.com\/de-impact-van-het-tekort-aan-it-personeel-op-innovatie-en-groei-in-europa\/#breadcrumb"},"inLanguage":"tr","potentialAction":[{"@type":"ReadAction","target":["https:\/\/tawron.com\/de-impact-van-het-tekort-aan-it-personeel-op-innovatie-en-groei-in-europa\/"]}]},{"@type":"ImageObject","inLanguage":"tr","@id":"https:\/\/tawron.com\/de-impact-van-het-tekort-aan-it-personeel-op-innovatie-en-groei-in-europa\/#primaryimage","url":"https:\/\/tawron.com\/wp-content\/uploads\/2024\/07\/Kindergarden-Support-Image.webp","contentUrl":"https:\/\/tawron.com\/wp-content\/uploads\/2024\/07\/Kindergarden-Support-Image.webp","width":1486,"height":1544},{"@type":"BreadcrumbList","@id":"https:\/\/tawron.com\/de-impact-van-het-tekort-aan-it-personeel-op-innovatie-en-groei-in-europa\/#breadcrumb","itemListElement":[{"@type":"ListItem","position":1,"name":"Home","item":"https:\/\/tawron.com\/"},{"@type":"ListItem","position":2,"name":"De impact van het tekort aan IT-personeel op innovatie en groei in Europa"}]},{"@type":"WebSite","@id":"https:\/\/tawron.com\/#website","url":"https:\/\/tawron.com\/","name":"TAWRON - HR Oplossingen & Werving","description":"","publisher":{"@id":"https:\/\/tawron.com\/#organization"},"potentialAction":[{"@type":"SearchAction","target":{"@type":"EntryPoint","urlTemplate":"https:\/\/tawron.com\/?s={search_term_string}"},"query-input":{"@type":"PropertyValueSpecification","valueRequired":true,"valueName":"search_term_string"}}],"inLanguage":"tr"},{"@type":"Organization","@id":"https:\/\/tawron.com\/#organization","name":"TAWRON - HR Oplossingen & Werving","url":"https:\/\/tawron.com\/","logo":{"@type":"ImageObject","inLanguage":"tr","@id":"https:\/\/tawron.com\/#\/schema\/logo\/image\/","url":"https:\/\/tawron.com\/wp-content\/uploads\/2024\/07\/tawron_logo_light.svg","contentUrl":"https:\/\/tawron.com\/wp-content\/uploads\/2024\/07\/tawron_logo_light.svg","width":240,"height":53,"caption":"TAWRON - HR Oplossingen & Werving"},"image":{"@id":"https:\/\/tawron.com\/#\/schema\/logo\/image\/"},"sameAs":["https:\/\/x.com\/tawronbv","http:\/\/www.linkedin.com\/company\/tawronbv\/","https:\/\/www.instagram.com\/tawronbv\/"]},{"@type":"Person","@id":"https:\/\/tawron.com\/#\/schema\/person\/65eae8ad588aab69e20916b4da339bab","name":"Tawron","image":{"@type":"ImageObject","inLanguage":"tr","@id":"https:\/\/secure.gravatar.com\/avatar\/db477fd4c7df5c2aaf9bbbe873350fbdeae363e82d2dd15e41ee0c47b34c41fc?s=96&d=mm&r=g","url":"https:\/\/secure.gravatar.com\/avatar\/db477fd4c7df5c2aaf9bbbe873350fbdeae363e82d2dd15e41ee0c47b34c41fc?s=96&d=mm&r=g","contentUrl":"https:\/\/secure.gravatar.com\/avatar\/db477fd4c7df5c2aaf9bbbe873350fbdeae363e82d2dd15e41ee0c47b34c41fc?s=96&d=mm&r=g","caption":"Tawron"},"url":"https:\/\/tawron.com\/tr\/author\/tawron\/"}]}},"_links":{"self":[{"href":"https:\/\/tawron.com\/tr\/wp-json\/wp\/v2\/posts\/724","targetHints":{"allow":["GET"]}}],"collection":[{"href":"https:\/\/tawron.com\/tr\/wp-json\/wp\/v2\/posts"}],"about":[{"href":"https:\/\/tawron.com\/tr\/wp-json\/wp\/v2\/types\/post"}],"author":[{"embeddable":true,"href":"https:\/\/tawron.com\/tr\/wp-json\/wp\/v2\/users\/4"}],"replies":[{"embeddable":true,"href":"https:\/\/tawron.com\/tr\/wp-json\/wp\/v2\/comments?post=724"}],"version-history":[{"count":7,"href":"https:\/\/tawron.com\/tr\/wp-json\/wp\/v2\/posts\/724\/revisions"}],"predecessor-version":[{"id":2006,"href":"https:\/\/tawron.com\/tr\/wp-json\/wp\/v2\/posts\/724\/revisions\/2006"}],"wp:featuredmedia":[{"embeddable":true,"href":"https:\/\/tawron.com\/tr\/wp-json\/wp\/v2\/media\/545"}],"wp:attachment":[{"href":"https:\/\/tawron.com\/tr\/wp-json\/wp\/v2\/media?parent=724"}],"wp:term":[{"taxonomy":"category","embeddable":true,"href":"https:\/\/tawron.com\/tr\/wp-json\/wp\/v2\/categories?post=724"},{"taxonomy":"post_tag","embeddable":true,"href":"https:\/\/tawron.com\/tr\/wp-json\/wp\/v2\/tags?post=724"}],"curies":[{"name":"wp","href":"https:\/\/api.w.org\/{rel}","templated":true}]}}